{"id":89,"date":"2017-09-04T09:06:26","date_gmt":"2017-09-04T07:06:26","guid":{"rendered":"https:\/\/clubathletique-saintgirons.fr\/?p=89"},"modified":"2018-04-03T16:10:42","modified_gmt":"2018-04-03T14:10:42","slug":"prix-du-club-2017","status":"publish","type":"post","link":"https:\/\/clubathletique-saintgirons.fr\/?p=89","title":{"rendered":"Prix du club 2017 St\u00e9phane Verni\u00e8res"},"content":{"rendered":"<p><img loading=\"lazy\" decoding=\"async\" class=\"attachment-post-thumbnail size-post-thumbnail alignleft\" src=\"https:\/\/clubathletique-saintgirons.fr\/wp-content\/uploads\/2018\/03\/DSC07424-MODIF.jpg\" sizes=\"(max-width: 416px) 100vw, 416px\" srcset=\"https:\/\/clubathletique-saintgirons.fr\/wp-content\/uploads\/2018\/03\/DSC07424-MODIF.jpg 2929w, https:\/\/clubathletique-saintgirons.fr\/wp-content\/uploads\/2018\/03\/DSC07424-MODIF-300x195.jpg 300w, https:\/\/clubathletique-saintgirons.fr\/wp-content\/uploads\/2018\/03\/DSC07424-MODIF-768x498.jpg 768w, https:\/\/clubathletique-saintgirons.fr\/wp-content\/uploads\/2018\/03\/DSC07424-MODIF-1024x665.jpg 1024w\" alt=\"\" width=\"416\" height=\"270\" \/>\u00a0\u00a0\u00a0\u00a0\u00a0 <img loading=\"lazy\" decoding=\"async\" class=\"attachment-post-thumbnail size-post-thumbnail alignleft\" src=\"https:\/\/clubathletique-saintgirons.fr\/wp-content\/uploads\/2018\/04\/Capture-d\u2019e\u0301cran-2018-04-01-a\u0300-11.16.52-182x270.png\" sizes=\"(max-width: 182px) 100vw, 182px\" srcset=\"https:\/\/clubathletique-saintgirons.fr\/wp-content\/uploads\/2018\/04\/Capture-d\u2019e\u0301cran-2018-04-01-a\u0300-11.16.52-182x270.png 182w, https:\/\/clubathletique-saintgirons.fr\/wp-content\/uploads\/2018\/04\/Capture-d\u2019e\u0301cran-2018-04-01-a\u0300-11.16.52-203x300.png 203w, https:\/\/clubathletique-saintgirons.fr\/wp-content\/uploads\/2018\/04\/Capture-d\u2019e\u0301cran-2018-04-01-a\u0300-11.16.52.png 600w\" alt=\"\" width=\"182\" height=\"270\" \/> \u00a0 \u00a0 <img loading=\"lazy\" decoding=\"async\" class=\"attachment-post-thumbnail size-post-thumbnail alignleft\" src=\"https:\/\/clubathletique-saintgirons.fr\/wp-content\/uploads\/2017\/09\/14906925_10154605497130675_9047463389143008488_n-MODIF-3-93x270.jpg\" sizes=\"(max-width: 93px) 100vw, 93px\" srcset=\"https:\/\/clubathletique-saintgirons.fr\/wp-content\/uploads\/2017\/09\/14906925_10154605497130675_9047463389143008488_n-MODIF-3-93x270.jpg 93w, https:\/\/clubathletique-saintgirons.fr\/wp-content\/uploads\/2017\/09\/14906925_10154605497130675_9047463389143008488_n-MODIF-3-103x300.jpg 103w, https:\/\/clubathletique-saintgirons.fr\/wp-content\/uploads\/2017\/09\/14906925_10154605497130675_9047463389143008488_n-MODIF-3.jpg 235w\" alt=\"\" width=\"93\" height=\"270\" \/><\/p>\n<p>&nbsp;<\/p>\n<p>&nbsp;<\/p>\n<p>&nbsp;<\/p>\n<p>&nbsp;<\/p>\n<p>&nbsp;<\/p>\n<p>&nbsp;<\/p>\n<p>&nbsp;<\/p>\n<p>Prix de club promotion St\u00e9phane Verni\u00e8res (1976-2017)\u00a0 <!--more--><\/p>\n<p>Biographie r\u00e9dig\u00e9e par St\u00e9phane GARROS le 4 septembre 2017<\/p>\n<p>St\u00e9phane Vernieres est d\u00e9c\u00e9d\u00e9. Il a marqu\u00e9 l&rsquo;histoire du Club Athl\u00e9tique Saint-Gironnais avec un record r\u00e9gional s\u00e9nior du 1500 metres tout en \u00e9tant espoir.Il a surtout brill\u00e9 sur 800. Il reste \u00e0 la table hongroise le meilleur athl\u00e9te de tous les temps du CASG. Je souhaitais lui rendre hommage \u00e0 travers quelques photos. Ciao Champion !!!!!<br \/>\nPalmar\u00e8s St\u00e9phane Vernieres, par ordre chronologique:<br \/>\n1996: Champion de France junior UFOLEP du 800m, Vice-champion de France junior du 1<span class=\"text_exposed_show\">500m<br \/>\n1997: Recordman Midi Pyr\u00e9n\u00e9es du 1500m en 3&rsquo;44&Prime;14<br \/>\nQualifi\u00e9 au temps pour les championnats d &lsquo;Europe Espoir<br \/>\n4\u00e8me du match international \u00e0 Bilbao(ESP)<br \/>\n1998-1999: Double recordman du Limousin du 800m , en plein air (1&rsquo;48&Prime;37) et en salle(1&rsquo;50&Prime;86)<br \/>\nChampion de France de N1 avec l&rsquo; AS Saint -Junien<br \/>\n3\u00e8me des Championnats de France Nationale \u00e0 Narbonne<br \/>\n4\u00e8me des Championnats de France Elite \u00e0 Niort<br \/>\n3\u00e8me du Match international France\/Angleterre (\u00e9t\u00e9)<br \/>\nVainqueur du Match international France\/Espagne\/Italie (hiver)<br \/>\n2000: Vainqueur du meeting international de Beaupreau en 1&rsquo;49&Prime;34<br \/>\n6\u00e8me du meeting international de Li\u00e9vin en 1&rsquo;50&Prime;96<br \/>\n6\u00e8me du meeting Gaz de France sur 1500m de Paris \/ Charlety, au stade de France<br \/>\n20\u00e8me du meeting international de Rehlingen (GER) , en 1&rsquo;49&Prime;04<br \/>\n2\u00e8me du meeting international de Gava en 1&rsquo;50&Prime;06<br \/>\n2001-2006: Reconversion sur route<br \/>\nVainqueur de 12 courses sur route en Limousin, dont 2 records d&rsquo;\u00e9preuve au tour du Lac de Pontcharral , et \u00e0 Oradour sur Vayres<br \/>\n3\u00e8me des Championnats de France par \u00e9quipes sur 10kms(31&rsquo;39\u00a0\u00bb)<br \/>\n2\u00e8me Fran\u00e7ais au semi marathon de l&rsquo;humarathon en 1h12&Prime;15<br \/>\n17\u00e8me des Championnats du Monde de Cross Country Masters \u00e0 Lyon&#8230;<br \/>\n7 s\u00e9lections en \u00e9quipe de France senior.<br \/>\nRECORDS:<br \/>\n800m 1:48.37 Montauban (FRA) 07.08.1999<br \/>\n800m en salle 1:50.86Li\u00e9vin (FRA ) 18.02.2000<br \/>\n1500m 3:44.14Toulouse (FRA) 09.06.1996<\/span><\/p>\n","protected":false},"excerpt":{"rendered":"<p>\u00a0\u00a0\u00a0\u00a0\u00a0 \u00a0 \u00a0 &nbsp; &nbsp; &nbsp; &nbsp; &nbsp; &nbsp; &nbsp; Prix de club promotion St\u00e9phane Verni\u00e8res (1976-2017)\u00a0<\/p>\n","protected":false},"author":1,"featured_media":187,"comment_status":"open","ping_status":"open","sticky":false,"template":"","format":"standard","meta":{"_et_pb_use_builder":"","_et_pb_old_content":"","_et_gb_content_width":"","footnotes":""},"categories":[3,1],"tags":[],"class_list":["post-89","post","type-post","status-publish","format-standard","has-post-thumbnail","hentry","category-athletes","category-non-classe"],"yoast_head":"<!-- This site is optimized with the Yoast SEO plugin v26.6 - https:\/\/yoast.com\/wordpress\/plugins\/seo\/ -->\n<title>Prix du club 2017 St\u00e9phane Verni\u00e8res - Club Athl\u00e9tique Saint-Girons<\/title>\n<meta name=\"robots\" content=\"index, follow, max-snippet:-1, max-image-preview:large, max-video-preview:-1\" \/>\n<link rel=\"canonical\" href=\"https:\/\/clubathletique-saintgirons.fr\/?p=89\" \/>\n<meta property=\"og:locale\" content=\"fr_FR\" \/>\n<meta property=\"og:type\" content=\"article\" \/>\n<meta property=\"og:title\" content=\"Prix du club 2017 St\u00e9phane Verni\u00e8res - Club Athl\u00e9tique Saint-Girons\" \/>\n<meta property=\"og:description\" content=\"\u00a0\u00a0\u00a0\u00a0\u00a0 \u00a0 \u00a0 &nbsp; &nbsp; &nbsp; &nbsp; &nbsp; &nbsp; &nbsp; Prix de club promotion St\u00e9phane Verni\u00e8res (1976-2017)\u00a0\" \/>\n<meta property=\"og:url\" content=\"https:\/\/clubathletique-saintgirons.fr\/?p=89\" \/>\n<meta property=\"og:site_name\" content=\"Club Athl\u00e9tique Saint-Girons\" \/>\n<meta property=\"article:published_time\" content=\"2017-09-04T07:06:26+00:00\" \/>\n<meta property=\"article:modified_time\" content=\"2018-04-03T14:10:42+00:00\" \/>\n<meta property=\"og:image\" content=\"https:\/\/clubathletique-saintgirons.fr\/wp-content\/uploads\/2017\/09\/14906925_10154605497130675_9047463389143008488_n-MODIF-3.jpg\" \/>\n\t<meta property=\"og:image:width\" content=\"235\" \/>\n\t<meta property=\"og:image:height\" content=\"685\" \/>\n\t<meta property=\"og:image:type\" content=\"image\/jpeg\" \/>\n<meta name=\"author\" content=\"lascom\" \/>\n<meta name=\"twitter:card\" content=\"summary_large_image\" \/>\n<meta name=\"twitter:label1\" content=\"\u00c9crit par\" \/>\n\t<meta name=\"twitter:data1\" content=\"lascom\" \/>\n\t<meta name=\"twitter:label2\" content=\"Dur\u00e9e de lecture estim\u00e9e\" \/>\n\t<meta name=\"twitter:data2\" content=\"2 minutes\" \/>\n<script type=\"application\/ld+json\" class=\"yoast-schema-graph\">{\"@context\":\"https:\/\/schema.org\",\"@graph\":[{\"@type\":\"Article\",\"@id\":\"https:\/\/clubathletique-saintgirons.fr\/?p=89#article\",\"isPartOf\":{\"@id\":\"https:\/\/clubathletique-saintgirons.fr\/?p=89\"},\"author\":{\"name\":\"lascom\",\"@id\":\"https:\/\/clubathletique-saintgirons.fr\/#\/schema\/person\/36c73134ffdda479c15841f87667ea7b\"},\"headline\":\"Prix du club 2017 St\u00e9phane Verni\u00e8res\",\"datePublished\":\"2017-09-04T07:06:26+00:00\",\"dateModified\":\"2018-04-03T14:10:42+00:00\",\"mainEntityOfPage\":{\"@id\":\"https:\/\/clubathletique-saintgirons.fr\/?p=89\"},\"wordCount\":309,\"commentCount\":0,\"publisher\":{\"@id\":\"https:\/\/clubathletique-saintgirons.fr\/#organization\"},\"image\":{\"@id\":\"https:\/\/clubathletique-saintgirons.fr\/?p=89#primaryimage\"},\"thumbnailUrl\":\"https:\/\/clubathletique-saintgirons.fr\/wp-content\/uploads\/2017\/09\/14906925_10154605497130675_9047463389143008488_n-MODIF-3.jpg\",\"articleSection\":[\"Athl\u00e8tes\",\"club\"],\"inLanguage\":\"fr-FR\"},{\"@type\":\"WebPage\",\"@id\":\"https:\/\/clubathletique-saintgirons.fr\/?p=89\",\"url\":\"https:\/\/clubathletique-saintgirons.fr\/?p=89\",\"name\":\"Prix du club 2017 St\u00e9phane Verni\u00e8res - Club Athl\u00e9tique Saint-Girons\",\"isPartOf\":{\"@id\":\"https:\/\/clubathletique-saintgirons.fr\/#website\"},\"primaryImageOfPage\":{\"@id\":\"https:\/\/clubathletique-saintgirons.fr\/?p=89#primaryimage\"},\"image\":{\"@id\":\"https:\/\/clubathletique-saintgirons.fr\/?p=89#primaryimage\"},\"thumbnailUrl\":\"https:\/\/clubathletique-saintgirons.fr\/wp-content\/uploads\/2017\/09\/14906925_10154605497130675_9047463389143008488_n-MODIF-3.jpg\",\"datePublished\":\"2017-09-04T07:06:26+00:00\",\"dateModified\":\"2018-04-03T14:10:42+00:00\",\"breadcrumb\":{\"@id\":\"https:\/\/clubathletique-saintgirons.fr\/?p=89#breadcrumb\"},\"inLanguage\":\"fr-FR\",\"potentialAction\":[{\"@type\":\"ReadAction\",\"target\":[\"https:\/\/clubathletique-saintgirons.fr\/?p=89\"]}]},{\"@type\":\"ImageObject\",\"inLanguage\":\"fr-FR\",\"@id\":\"https:\/\/clubathletique-saintgirons.fr\/?p=89#primaryimage\",\"url\":\"https:\/\/clubathletique-saintgirons.fr\/wp-content\/uploads\/2017\/09\/14906925_10154605497130675_9047463389143008488_n-MODIF-3.jpg\",\"contentUrl\":\"https:\/\/clubathletique-saintgirons.fr\/wp-content\/uploads\/2017\/09\/14906925_10154605497130675_9047463389143008488_n-MODIF-3.jpg\",\"width\":235,\"height\":685},{\"@type\":\"BreadcrumbList\",\"@id\":\"https:\/\/clubathletique-saintgirons.fr\/?p=89#breadcrumb\",\"itemListElement\":[{\"@type\":\"ListItem\",\"position\":1,\"name\":\"Accueil\",\"item\":\"https:\/\/clubathletique-saintgirons.fr\/\"},{\"@type\":\"ListItem\",\"position\":2,\"name\":\"Prix du club 2017 St\u00e9phane Verni\u00e8res\"}]},{\"@type\":\"WebSite\",\"@id\":\"https:\/\/clubathletique-saintgirons.fr\/#website\",\"url\":\"https:\/\/clubathletique-saintgirons.fr\/\",\"name\":\"Club Athl\u00e9tique Saint-Girons\",\"description\":\"Ta performance d\u00e9pend de toi, ta place d\u00e9pend des autres ...\",\"publisher\":{\"@id\":\"https:\/\/clubathletique-saintgirons.fr\/#organization\"},\"potentialAction\":[{\"@type\":\"SearchAction\",\"target\":{\"@type\":\"EntryPoint\",\"urlTemplate\":\"https:\/\/clubathletique-saintgirons.fr\/?s={search_term_string}\"},\"query-input\":{\"@type\":\"PropertyValueSpecification\",\"valueRequired\":true,\"valueName\":\"search_term_string\"}}],\"inLanguage\":\"fr-FR\"},{\"@type\":\"Organization\",\"@id\":\"https:\/\/clubathletique-saintgirons.fr\/#organization\",\"name\":\"Club athl\u00e9tisque Saint-Girons\",\"url\":\"https:\/\/clubathletique-saintgirons.fr\/\",\"logo\":{\"@type\":\"ImageObject\",\"inLanguage\":\"fr-FR\",\"@id\":\"https:\/\/clubathletique-saintgirons.fr\/#\/schema\/logo\/image\/\",\"url\":\"https:\/\/clubathletique-saintgirons.fr\/wp-content\/uploads\/2019\/06\/logo-png.png\",\"contentUrl\":\"https:\/\/clubathletique-saintgirons.fr\/wp-content\/uploads\/2019\/06\/logo-png.png\",\"width\":369,\"height\":369,\"caption\":\"Club athl\u00e9tisque Saint-Girons\"},\"image\":{\"@id\":\"https:\/\/clubathletique-saintgirons.fr\/#\/schema\/logo\/image\/\"}},{\"@type\":\"Person\",\"@id\":\"https:\/\/clubathletique-saintgirons.fr\/#\/schema\/person\/36c73134ffdda479c15841f87667ea7b\",\"name\":\"lascom\",\"image\":{\"@type\":\"ImageObject\",\"inLanguage\":\"fr-FR\",\"@id\":\"https:\/\/clubathletique-saintgirons.fr\/#\/schema\/person\/image\/\",\"url\":\"https:\/\/secure.gravatar.com\/avatar\/017e1b9bc5f7454e5201d432b829919aee90fe8caf8012221fe15e799e92a92d?s=96&d=mm&r=g\",\"contentUrl\":\"https:\/\/secure.gravatar.com\/avatar\/017e1b9bc5f7454e5201d432b829919aee90fe8caf8012221fe15e799e92a92d?s=96&d=mm&r=g\",\"caption\":\"lascom\"},\"url\":\"https:\/\/clubathletique-saintgirons.fr\/?author=1\"}]}<\/script>\n<!-- \/ Yoast SEO plugin. -->","yoast_head_json":{"title":"Prix du club 2017 St\u00e9phane Verni\u00e8res - Club Athl\u00e9tique Saint-Girons","robots":{"index":"index","follow":"follow","max-snippet":"max-snippet:-1","max-image-preview":"max-image-preview:large","max-video-preview":"max-video-preview:-1"},"canonical":"https:\/\/clubathletique-saintgirons.fr\/?p=89","og_locale":"fr_FR","og_type":"article","og_title":"Prix du club 2017 St\u00e9phane Verni\u00e8res - Club Athl\u00e9tique Saint-Girons","og_description":"\u00a0\u00a0\u00a0\u00a0\u00a0 \u00a0 \u00a0 &nbsp; &nbsp; &nbsp; &nbsp; &nbsp; &nbsp; &nbsp; Prix de club promotion St\u00e9phane Verni\u00e8res (1976-2017)\u00a0","og_url":"https:\/\/clubathletique-saintgirons.fr\/?p=89","og_site_name":"Club Athl\u00e9tique Saint-Girons","article_published_time":"2017-09-04T07:06:26+00:00","article_modified_time":"2018-04-03T14:10:42+00:00","og_image":[{"width":235,"height":685,"url":"https:\/\/clubathletique-saintgirons.fr\/wp-content\/uploads\/2017\/09\/14906925_10154605497130675_9047463389143008488_n-MODIF-3.jpg","type":"image\/jpeg"}],"author":"lascom","twitter_card":"summary_large_image","twitter_misc":{"\u00c9crit par":"lascom","Dur\u00e9e de lecture estim\u00e9e":"2 minutes"},"schema":{"@context":"https:\/\/schema.org","@graph":[{"@type":"Article","@id":"https:\/\/clubathletique-saintgirons.fr\/?p=89#article","isPartOf":{"@id":"https:\/\/clubathletique-saintgirons.fr\/?p=89"},"author":{"name":"lascom","@id":"https:\/\/clubathletique-saintgirons.fr\/#\/schema\/person\/36c73134ffdda479c15841f87667ea7b"},"headline":"Prix du club 2017 St\u00e9phane Verni\u00e8res","datePublished":"2017-09-04T07:06:26+00:00","dateModified":"2018-04-03T14:10:42+00:00","mainEntityOfPage":{"@id":"https:\/\/clubathletique-saintgirons.fr\/?p=89"},"wordCount":309,"commentCount":0,"publisher":{"@id":"https:\/\/clubathletique-saintgirons.fr\/#organization"},"image":{"@id":"https:\/\/clubathletique-saintgirons.fr\/?p=89#primaryimage"},"thumbnailUrl":"https:\/\/clubathletique-saintgirons.fr\/wp-content\/uploads\/2017\/09\/14906925_10154605497130675_9047463389143008488_n-MODIF-3.jpg","articleSection":["Athl\u00e8tes","club"],"inLanguage":"fr-FR"},{"@type":"WebPage","@id":"https:\/\/clubathletique-saintgirons.fr\/?p=89","url":"https:\/\/clubathletique-saintgirons.fr\/?p=89","name":"Prix du club 2017 St\u00e9phane Verni\u00e8res - Club Athl\u00e9tique Saint-Girons","isPartOf":{"@id":"https:\/\/clubathletique-saintgirons.fr\/#website"},"primaryImageOfPage":{"@id":"https:\/\/clubathletique-saintgirons.fr\/?p=89#primaryimage"},"image":{"@id":"https:\/\/clubathletique-saintgirons.fr\/?p=89#primaryimage"},"thumbnailUrl":"https:\/\/clubathletique-saintgirons.fr\/wp-content\/uploads\/2017\/09\/14906925_10154605497130675_9047463389143008488_n-MODIF-3.jpg","datePublished":"2017-09-04T07:06:26+00:00","dateModified":"2018-04-03T14:10:42+00:00","breadcrumb":{"@id":"https:\/\/clubathletique-saintgirons.fr\/?p=89#breadcrumb"},"inLanguage":"fr-FR","potentialAction":[{"@type":"ReadAction","target":["https:\/\/clubathletique-saintgirons.fr\/?p=89"]}]},{"@type":"ImageObject","inLanguage":"fr-FR","@id":"https:\/\/clubathletique-saintgirons.fr\/?p=89#primaryimage","url":"https:\/\/clubathletique-saintgirons.fr\/wp-content\/uploads\/2017\/09\/14906925_10154605497130675_9047463389143008488_n-MODIF-3.jpg","contentUrl":"https:\/\/clubathletique-saintgirons.fr\/wp-content\/uploads\/2017\/09\/14906925_10154605497130675_9047463389143008488_n-MODIF-3.jpg","width":235,"height":685},{"@type":"BreadcrumbList","@id":"https:\/\/clubathletique-saintgirons.fr\/?p=89#breadcrumb","itemListElement":[{"@type":"ListItem","position":1,"name":"Accueil","item":"https:\/\/clubathletique-saintgirons.fr\/"},{"@type":"ListItem","position":2,"name":"Prix du club 2017 St\u00e9phane Verni\u00e8res"}]},{"@type":"WebSite","@id":"https:\/\/clubathletique-saintgirons.fr\/#website","url":"https:\/\/clubathletique-saintgirons.fr\/","name":"Club Athl\u00e9tique Saint-Girons","description":"Ta performance d\u00e9pend de toi, ta place d\u00e9pend des autres ...","publisher":{"@id":"https:\/\/clubathletique-saintgirons.fr\/#organization"},"potentialAction":[{"@type":"SearchAction","target":{"@type":"EntryPoint","urlTemplate":"https:\/\/clubathletique-saintgirons.fr\/?s={search_term_string}"},"query-input":{"@type":"PropertyValueSpecification","valueRequired":true,"valueName":"search_term_string"}}],"inLanguage":"fr-FR"},{"@type":"Organization","@id":"https:\/\/clubathletique-saintgirons.fr\/#organization","name":"Club athl\u00e9tisque Saint-Girons","url":"https:\/\/clubathletique-saintgirons.fr\/","logo":{"@type":"ImageObject","inLanguage":"fr-FR","@id":"https:\/\/clubathletique-saintgirons.fr\/#\/schema\/logo\/image\/","url":"https:\/\/clubathletique-saintgirons.fr\/wp-content\/uploads\/2019\/06\/logo-png.png","contentUrl":"https:\/\/clubathletique-saintgirons.fr\/wp-content\/uploads\/2019\/06\/logo-png.png","width":369,"height":369,"caption":"Club athl\u00e9tisque Saint-Girons"},"image":{"@id":"https:\/\/clubathletique-saintgirons.fr\/#\/schema\/logo\/image\/"}},{"@type":"Person","@id":"https:\/\/clubathletique-saintgirons.fr\/#\/schema\/person\/36c73134ffdda479c15841f87667ea7b","name":"lascom","image":{"@type":"ImageObject","inLanguage":"fr-FR","@id":"https:\/\/clubathletique-saintgirons.fr\/#\/schema\/person\/image\/","url":"https:\/\/secure.gravatar.com\/avatar\/017e1b9bc5f7454e5201d432b829919aee90fe8caf8012221fe15e799e92a92d?s=96&d=mm&r=g","contentUrl":"https:\/\/secure.gravatar.com\/avatar\/017e1b9bc5f7454e5201d432b829919aee90fe8caf8012221fe15e799e92a92d?s=96&d=mm&r=g","caption":"lascom"},"url":"https:\/\/clubathletique-saintgirons.fr\/?author=1"}]}},"_links":{"self":[{"href":"https:\/\/clubathletique-saintgirons.fr\/index.php?rest_route=\/wp\/v2\/posts\/89","targetHints":{"allow":["GET"]}}],"collection":[{"href":"https:\/\/clubathletique-saintgirons.fr\/index.php?rest_route=\/wp\/v2\/posts"}],"about":[{"href":"https:\/\/clubathletique-saintgirons.fr\/index.php?rest_route=\/wp\/v2\/types\/post"}],"author":[{"embeddable":true,"href":"https:\/\/clubathletique-saintgirons.fr\/index.php?rest_route=\/wp\/v2\/users\/1"}],"replies":[{"embeddable":true,"href":"https:\/\/clubathletique-saintgirons.fr\/index.php?rest_route=%2Fwp%2Fv2%2Fcomments&post=89"}],"version-history":[{"count":6,"href":"https:\/\/clubathletique-saintgirons.fr\/index.php?rest_route=\/wp\/v2\/posts\/89\/revisions"}],"predecessor-version":[{"id":188,"href":"https:\/\/clubathletique-saintgirons.fr\/index.php?rest_route=\/wp\/v2\/posts\/89\/revisions\/188"}],"wp:featuredmedia":[{"embeddable":true,"href":"https:\/\/clubathletique-saintgirons.fr\/index.php?rest_route=\/wp\/v2\/media\/187"}],"wp:attachment":[{"href":"https:\/\/clubathletique-saintgirons.fr\/index.php?rest_route=%2Fwp%2Fv2%2Fmedia&parent=89"}],"wp:term":[{"taxonomy":"category","embeddable":true,"href":"https:\/\/clubathletique-saintgirons.fr\/index.php?rest_route=%2Fwp%2Fv2%2Fcategories&post=89"},{"taxonomy":"post_tag","embeddable":true,"href":"https:\/\/clubathletique-saintgirons.fr\/index.php?rest_route=%2Fwp%2Fv2%2Ftags&post=89"}],"curies":[{"name":"wp","href":"https:\/\/api.w.org\/{rel}","templated":true}]}}