{"id":98,"date":"2018-02-13T10:55:49","date_gmt":"2018-02-13T09:55:49","guid":{"rendered":"https:\/\/clubathletique-saintgirons.fr\/?p=98"},"modified":"2018-04-03T16:47:17","modified_gmt":"2018-04-03T14:47:17","slug":"six-couserannais-en-demi-finales-du-national-a-ale","status":"publish","type":"post","link":"https:\/\/clubathletique-saintgirons.fr\/?p=98","title":{"rendered":"Six Couserannais en demi-finales du National \u00e0 Al\u00e8s"},"content":{"rendered":"<h2 class=\"sous_titre\">Course \u00e0 pied &#8211; Trail &#8211; Cross-country<\/h2>\n<p>La d\u00e9p\u00eache du Midi 13 f\u00e9vrier 2018<\/p>\n<p>Dimanche, six crossmen et crosswomen seront \u00e0 Al\u00e8s pour les demi-finales des championnats de France de cross-country.<!--more--> Ils essaieront de r\u00e9cup\u00e9rer un billet pour le National, \u00e0 Plouay, le 11 mars, o\u00f9 les meilleurs coureurs de toute la France viendront s&rsquo;affronter. Emmen\u00e9s par Nathana\u00ebl Bordes, l&rsquo;entra\u00eeneur du Club athl\u00e9tique, les Couserannais ont obtenu la qualification pour la demi-finale dimanche dernier, \u00e0 Caussade, sur un parcours exigeant, truff\u00e9 de relances et c\u00f4tes. En masters, Nathana\u00ebl Bordes et Paul Besset ouvraient le bal en terminant aux 5e et 72e places. Dans cette course ultra-relev\u00e9e, ils ont r\u00e9ussi \u00e0 bien tirer leur \u00e9pingle du jeu. En cat\u00e9gories cadettes et cadets, Nina Maladain et Guillaume Duffort ont r\u00e9ussi \u00e0 se qualifier. En seniors hommes, J\u00e9r\u00e9my Bascaing et Mathieu Sanchez obtiennent avec brio leur billet pour Al\u00e8s. Chez les dames, Agn\u00e8s Labrousse manque la qualification de quelques places.<\/p>\n","protected":false},"excerpt":{"rendered":"<p>Course \u00e0 pied &#8211; Trail &#8211; Cross-country La d\u00e9p\u00eache du Midi 13 f\u00e9vrier 2018 Dimanche, six crossmen et crosswomen seront \u00e0 Al\u00e8s pour les demi-finales des championnats de France de cross-country.<\/p>\n","protected":false},"author":1,"featured_media":99,"comment_status":"closed","ping_status":"closed","sticky":false,"template":"","format":"standard","meta":{"_et_pb_use_builder":"","_et_pb_old_content":"","_et_gb_content_width":"","footnotes":""},"categories":[3,1],"tags":[7,8],"class_list":["post-98","post","type-post","status-publish","format-standard","has-post-thumbnail","hentry","category-athletes","category-non-classe","tag-club","tag-cross"],"yoast_head":"<!-- This site is optimized with the Yoast SEO plugin v26.6 - https:\/\/yoast.com\/wordpress\/plugins\/seo\/ -->\n<title>Six Couserannais en demi-finales du National \u00e0 Al\u00e8s - Club Athl\u00e9tique Saint-Girons<\/title>\n<meta name=\"robots\" content=\"index, follow, max-snippet:-1, max-image-preview:large, max-video-preview:-1\" \/>\n<link rel=\"canonical\" href=\"https:\/\/clubathletique-saintgirons.fr\/?p=98\" \/>\n<meta property=\"og:locale\" content=\"fr_FR\" \/>\n<meta property=\"og:type\" content=\"article\" \/>\n<meta property=\"og:title\" content=\"Six Couserannais en demi-finales du National \u00e0 Al\u00e8s - Club Athl\u00e9tique Saint-Girons\" \/>\n<meta property=\"og:description\" content=\"Course \u00e0 pied &#8211; Trail &#8211; Cross-country La d\u00e9p\u00eache du Midi 13 f\u00e9vrier 2018 Dimanche, six crossmen et crosswomen seront \u00e0 Al\u00e8s pour les demi-finales des championnats de France de cross-country.\" \/>\n<meta property=\"og:url\" content=\"https:\/\/clubathletique-saintgirons.fr\/?p=98\" \/>\n<meta property=\"og:site_name\" content=\"Club Athl\u00e9tique Saint-Girons\" \/>\n<meta property=\"article:published_time\" content=\"2018-02-13T09:55:49+00:00\" \/>\n<meta property=\"article:modified_time\" content=\"2018-04-03T14:47:17+00:00\" \/>\n<meta property=\"og:image\" content=\"https:\/\/clubathletique-saintgirons.fr\/wp-content\/uploads\/2018\/04\/Capture-d\u2019e\u0301cran-2018-04-01-a\u0300-10.52.47.png\" \/>\n\t<meta property=\"og:image:width\" content=\"473\" \/>\n\t<meta property=\"og:image:height\" content=\"246\" \/>\n\t<meta property=\"og:image:type\" content=\"image\/png\" \/>\n<meta name=\"author\" content=\"lascom\" \/>\n<meta name=\"twitter:card\" content=\"summary_large_image\" \/>\n<meta name=\"twitter:label1\" content=\"\u00c9crit par\" \/>\n\t<meta name=\"twitter:data1\" content=\"lascom\" \/>\n\t<meta name=\"twitter:label2\" content=\"Dur\u00e9e de lecture estim\u00e9e\" \/>\n\t<meta name=\"twitter:data2\" content=\"1 minute\" \/>\n<script type=\"application\/ld+json\" class=\"yoast-schema-graph\">{\"@context\":\"https:\/\/schema.org\",\"@graph\":[{\"@type\":\"Article\",\"@id\":\"https:\/\/clubathletique-saintgirons.fr\/?p=98#article\",\"isPartOf\":{\"@id\":\"https:\/\/clubathletique-saintgirons.fr\/?p=98\"},\"author\":{\"name\":\"lascom\",\"@id\":\"https:\/\/clubathletique-saintgirons.fr\/#\/schema\/person\/36c73134ffdda479c15841f87667ea7b\"},\"headline\":\"Six Couserannais en demi-finales du National \u00e0 Al\u00e8s\",\"datePublished\":\"2018-02-13T09:55:49+00:00\",\"dateModified\":\"2018-04-03T14:47:17+00:00\",\"mainEntityOfPage\":{\"@id\":\"https:\/\/clubathletique-saintgirons.fr\/?p=98\"},\"wordCount\":178,\"publisher\":{\"@id\":\"https:\/\/clubathletique-saintgirons.fr\/#organization\"},\"image\":{\"@id\":\"https:\/\/clubathletique-saintgirons.fr\/?p=98#primaryimage\"},\"thumbnailUrl\":\"https:\/\/clubathletique-saintgirons.fr\/wp-content\/uploads\/2018\/04\/Capture-d\u2019e\u0301cran-2018-04-01-a\u0300-10.52.47.png\",\"keywords\":[\"club\",\"cross\"],\"articleSection\":[\"Athl\u00e8tes\",\"club\"],\"inLanguage\":\"fr-FR\"},{\"@type\":\"WebPage\",\"@id\":\"https:\/\/clubathletique-saintgirons.fr\/?p=98\",\"url\":\"https:\/\/clubathletique-saintgirons.fr\/?p=98\",\"name\":\"Six Couserannais en demi-finales du National \u00e0 Al\u00e8s - Club Athl\u00e9tique Saint-Girons\",\"isPartOf\":{\"@id\":\"https:\/\/clubathletique-saintgirons.fr\/#website\"},\"primaryImageOfPage\":{\"@id\":\"https:\/\/clubathletique-saintgirons.fr\/?p=98#primaryimage\"},\"image\":{\"@id\":\"https:\/\/clubathletique-saintgirons.fr\/?p=98#primaryimage\"},\"thumbnailUrl\":\"https:\/\/clubathletique-saintgirons.fr\/wp-content\/uploads\/2018\/04\/Capture-d\u2019e\u0301cran-2018-04-01-a\u0300-10.52.47.png\",\"datePublished\":\"2018-02-13T09:55:49+00:00\",\"dateModified\":\"2018-04-03T14:47:17+00:00\",\"breadcrumb\":{\"@id\":\"https:\/\/clubathletique-saintgirons.fr\/?p=98#breadcrumb\"},\"inLanguage\":\"fr-FR\",\"potentialAction\":[{\"@type\":\"ReadAction\",\"target\":[\"https:\/\/clubathletique-saintgirons.fr\/?p=98\"]}]},{\"@type\":\"ImageObject\",\"inLanguage\":\"fr-FR\",\"@id\":\"https:\/\/clubathletique-saintgirons.fr\/?p=98#primaryimage\",\"url\":\"https:\/\/clubathletique-saintgirons.fr\/wp-content\/uploads\/2018\/04\/Capture-d\u2019e\u0301cran-2018-04-01-a\u0300-10.52.47.png\",\"contentUrl\":\"https:\/\/clubathletique-saintgirons.fr\/wp-content\/uploads\/2018\/04\/Capture-d\u2019e\u0301cran-2018-04-01-a\u0300-10.52.47.png\",\"width\":473,\"height\":246},{\"@type\":\"BreadcrumbList\",\"@id\":\"https:\/\/clubathletique-saintgirons.fr\/?p=98#breadcrumb\",\"itemListElement\":[{\"@type\":\"ListItem\",\"position\":1,\"name\":\"Accueil\",\"item\":\"https:\/\/clubathletique-saintgirons.fr\/\"},{\"@type\":\"ListItem\",\"position\":2,\"name\":\"Six Couserannais en demi-finales du National \u00e0 Al\u00e8s\"}]},{\"@type\":\"WebSite\",\"@id\":\"https:\/\/clubathletique-saintgirons.fr\/#website\",\"url\":\"https:\/\/clubathletique-saintgirons.fr\/\",\"name\":\"Club Athl\u00e9tique Saint-Girons\",\"description\":\"Ta performance d\u00e9pend de toi, ta place d\u00e9pend des autres ...\",\"publisher\":{\"@id\":\"https:\/\/clubathletique-saintgirons.fr\/#organization\"},\"potentialAction\":[{\"@type\":\"SearchAction\",\"target\":{\"@type\":\"EntryPoint\",\"urlTemplate\":\"https:\/\/clubathletique-saintgirons.fr\/?s={search_term_string}\"},\"query-input\":{\"@type\":\"PropertyValueSpecification\",\"valueRequired\":true,\"valueName\":\"search_term_string\"}}],\"inLanguage\":\"fr-FR\"},{\"@type\":\"Organization\",\"@id\":\"https:\/\/clubathletique-saintgirons.fr\/#organization\",\"name\":\"Club athl\u00e9tisque Saint-Girons\",\"url\":\"https:\/\/clubathletique-saintgirons.fr\/\",\"logo\":{\"@type\":\"ImageObject\",\"inLanguage\":\"fr-FR\",\"@id\":\"https:\/\/clubathletique-saintgirons.fr\/#\/schema\/logo\/image\/\",\"url\":\"https:\/\/clubathletique-saintgirons.fr\/wp-content\/uploads\/2019\/06\/logo-png.png\",\"contentUrl\":\"https:\/\/clubathletique-saintgirons.fr\/wp-content\/uploads\/2019\/06\/logo-png.png\",\"width\":369,\"height\":369,\"caption\":\"Club athl\u00e9tisque Saint-Girons\"},\"image\":{\"@id\":\"https:\/\/clubathletique-saintgirons.fr\/#\/schema\/logo\/image\/\"}},{\"@type\":\"Person\",\"@id\":\"https:\/\/clubathletique-saintgirons.fr\/#\/schema\/person\/36c73134ffdda479c15841f87667ea7b\",\"name\":\"lascom\",\"image\":{\"@type\":\"ImageObject\",\"inLanguage\":\"fr-FR\",\"@id\":\"https:\/\/clubathletique-saintgirons.fr\/#\/schema\/person\/image\/\",\"url\":\"https:\/\/secure.gravatar.com\/avatar\/017e1b9bc5f7454e5201d432b829919aee90fe8caf8012221fe15e799e92a92d?s=96&d=mm&r=g\",\"contentUrl\":\"https:\/\/secure.gravatar.com\/avatar\/017e1b9bc5f7454e5201d432b829919aee90fe8caf8012221fe15e799e92a92d?s=96&d=mm&r=g\",\"caption\":\"lascom\"},\"url\":\"https:\/\/clubathletique-saintgirons.fr\/?author=1\"}]}<\/script>\n<!-- \/ Yoast SEO plugin. -->","yoast_head_json":{"title":"Six Couserannais en demi-finales du National \u00e0 Al\u00e8s - Club Athl\u00e9tique Saint-Girons","robots":{"index":"index","follow":"follow","max-snippet":"max-snippet:-1","max-image-preview":"max-image-preview:large","max-video-preview":"max-video-preview:-1"},"canonical":"https:\/\/clubathletique-saintgirons.fr\/?p=98","og_locale":"fr_FR","og_type":"article","og_title":"Six Couserannais en demi-finales du National \u00e0 Al\u00e8s - Club Athl\u00e9tique Saint-Girons","og_description":"Course \u00e0 pied &#8211; Trail &#8211; Cross-country La d\u00e9p\u00eache du Midi 13 f\u00e9vrier 2018 Dimanche, six crossmen et crosswomen seront \u00e0 Al\u00e8s pour les demi-finales des championnats de France de cross-country.","og_url":"https:\/\/clubathletique-saintgirons.fr\/?p=98","og_site_name":"Club Athl\u00e9tique Saint-Girons","article_published_time":"2018-02-13T09:55:49+00:00","article_modified_time":"2018-04-03T14:47:17+00:00","og_image":[{"width":473,"height":246,"url":"https:\/\/clubathletique-saintgirons.fr\/wp-content\/uploads\/2018\/04\/Capture-d\u2019e\u0301cran-2018-04-01-a\u0300-10.52.47.png","type":"image\/png"}],"author":"lascom","twitter_card":"summary_large_image","twitter_misc":{"\u00c9crit par":"lascom","Dur\u00e9e de lecture estim\u00e9e":"1 minute"},"schema":{"@context":"https:\/\/schema.org","@graph":[{"@type":"Article","@id":"https:\/\/clubathletique-saintgirons.fr\/?p=98#article","isPartOf":{"@id":"https:\/\/clubathletique-saintgirons.fr\/?p=98"},"author":{"name":"lascom","@id":"https:\/\/clubathletique-saintgirons.fr\/#\/schema\/person\/36c73134ffdda479c15841f87667ea7b"},"headline":"Six Couserannais en demi-finales du National \u00e0 Al\u00e8s","datePublished":"2018-02-13T09:55:49+00:00","dateModified":"2018-04-03T14:47:17+00:00","mainEntityOfPage":{"@id":"https:\/\/clubathletique-saintgirons.fr\/?p=98"},"wordCount":178,"publisher":{"@id":"https:\/\/clubathletique-saintgirons.fr\/#organization"},"image":{"@id":"https:\/\/clubathletique-saintgirons.fr\/?p=98#primaryimage"},"thumbnailUrl":"https:\/\/clubathletique-saintgirons.fr\/wp-content\/uploads\/2018\/04\/Capture-d\u2019e\u0301cran-2018-04-01-a\u0300-10.52.47.png","keywords":["club","cross"],"articleSection":["Athl\u00e8tes","club"],"inLanguage":"fr-FR"},{"@type":"WebPage","@id":"https:\/\/clubathletique-saintgirons.fr\/?p=98","url":"https:\/\/clubathletique-saintgirons.fr\/?p=98","name":"Six Couserannais en demi-finales du National \u00e0 Al\u00e8s - Club Athl\u00e9tique Saint-Girons","isPartOf":{"@id":"https:\/\/clubathletique-saintgirons.fr\/#website"},"primaryImageOfPage":{"@id":"https:\/\/clubathletique-saintgirons.fr\/?p=98#primaryimage"},"image":{"@id":"https:\/\/clubathletique-saintgirons.fr\/?p=98#primaryimage"},"thumbnailUrl":"https:\/\/clubathletique-saintgirons.fr\/wp-content\/uploads\/2018\/04\/Capture-d\u2019e\u0301cran-2018-04-01-a\u0300-10.52.47.png","datePublished":"2018-02-13T09:55:49+00:00","dateModified":"2018-04-03T14:47:17+00:00","breadcrumb":{"@id":"https:\/\/clubathletique-saintgirons.fr\/?p=98#breadcrumb"},"inLanguage":"fr-FR","potentialAction":[{"@type":"ReadAction","target":["https:\/\/clubathletique-saintgirons.fr\/?p=98"]}]},{"@type":"ImageObject","inLanguage":"fr-FR","@id":"https:\/\/clubathletique-saintgirons.fr\/?p=98#primaryimage","url":"https:\/\/clubathletique-saintgirons.fr\/wp-content\/uploads\/2018\/04\/Capture-d\u2019e\u0301cran-2018-04-01-a\u0300-10.52.47.png","contentUrl":"https:\/\/clubathletique-saintgirons.fr\/wp-content\/uploads\/2018\/04\/Capture-d\u2019e\u0301cran-2018-04-01-a\u0300-10.52.47.png","width":473,"height":246},{"@type":"BreadcrumbList","@id":"https:\/\/clubathletique-saintgirons.fr\/?p=98#breadcrumb","itemListElement":[{"@type":"ListItem","position":1,"name":"Accueil","item":"https:\/\/clubathletique-saintgirons.fr\/"},{"@type":"ListItem","position":2,"name":"Six Couserannais en demi-finales du National \u00e0 Al\u00e8s"}]},{"@type":"WebSite","@id":"https:\/\/clubathletique-saintgirons.fr\/#website","url":"https:\/\/clubathletique-saintgirons.fr\/","name":"Club Athl\u00e9tique Saint-Girons","description":"Ta performance d\u00e9pend de toi, ta place d\u00e9pend des autres ...","publisher":{"@id":"https:\/\/clubathletique-saintgirons.fr\/#organization"},"potentialAction":[{"@type":"SearchAction","target":{"@type":"EntryPoint","urlTemplate":"https:\/\/clubathletique-saintgirons.fr\/?s={search_term_string}"},"query-input":{"@type":"PropertyValueSpecification","valueRequired":true,"valueName":"search_term_string"}}],"inLanguage":"fr-FR"},{"@type":"Organization","@id":"https:\/\/clubathletique-saintgirons.fr\/#organization","name":"Club athl\u00e9tisque Saint-Girons","url":"https:\/\/clubathletique-saintgirons.fr\/","logo":{"@type":"ImageObject","inLanguage":"fr-FR","@id":"https:\/\/clubathletique-saintgirons.fr\/#\/schema\/logo\/image\/","url":"https:\/\/clubathletique-saintgirons.fr\/wp-content\/uploads\/2019\/06\/logo-png.png","contentUrl":"https:\/\/clubathletique-saintgirons.fr\/wp-content\/uploads\/2019\/06\/logo-png.png","width":369,"height":369,"caption":"Club athl\u00e9tisque Saint-Girons"},"image":{"@id":"https:\/\/clubathletique-saintgirons.fr\/#\/schema\/logo\/image\/"}},{"@type":"Person","@id":"https:\/\/clubathletique-saintgirons.fr\/#\/schema\/person\/36c73134ffdda479c15841f87667ea7b","name":"lascom","image":{"@type":"ImageObject","inLanguage":"fr-FR","@id":"https:\/\/clubathletique-saintgirons.fr\/#\/schema\/person\/image\/","url":"https:\/\/secure.gravatar.com\/avatar\/017e1b9bc5f7454e5201d432b829919aee90fe8caf8012221fe15e799e92a92d?s=96&d=mm&r=g","contentUrl":"https:\/\/secure.gravatar.com\/avatar\/017e1b9bc5f7454e5201d432b829919aee90fe8caf8012221fe15e799e92a92d?s=96&d=mm&r=g","caption":"lascom"},"url":"https:\/\/clubathletique-saintgirons.fr\/?author=1"}]}},"_links":{"self":[{"href":"https:\/\/clubathletique-saintgirons.fr\/index.php?rest_route=\/wp\/v2\/posts\/98","targetHints":{"allow":["GET"]}}],"collection":[{"href":"https:\/\/clubathletique-saintgirons.fr\/index.php?rest_route=\/wp\/v2\/posts"}],"about":[{"href":"https:\/\/clubathletique-saintgirons.fr\/index.php?rest_route=\/wp\/v2\/types\/post"}],"author":[{"embeddable":true,"href":"https:\/\/clubathletique-saintgirons.fr\/index.php?rest_route=\/wp\/v2\/users\/1"}],"replies":[{"embeddable":true,"href":"https:\/\/clubathletique-saintgirons.fr\/index.php?rest_route=%2Fwp%2Fv2%2Fcomments&post=98"}],"version-history":[{"count":5,"href":"https:\/\/clubathletique-saintgirons.fr\/index.php?rest_route=\/wp\/v2\/posts\/98\/revisions"}],"predecessor-version":[{"id":202,"href":"https:\/\/clubathletique-saintgirons.fr\/index.php?rest_route=\/wp\/v2\/posts\/98\/revisions\/202"}],"wp:featuredmedia":[{"embeddable":true,"href":"https:\/\/clubathletique-saintgirons.fr\/index.php?rest_route=\/wp\/v2\/media\/99"}],"wp:attachment":[{"href":"https:\/\/clubathletique-saintgirons.fr\/index.php?rest_route=%2Fwp%2Fv2%2Fmedia&parent=98"}],"wp:term":[{"taxonomy":"category","embeddable":true,"href":"https:\/\/clubathletique-saintgirons.fr\/index.php?rest_route=%2Fwp%2Fv2%2Fcategories&post=98"},{"taxonomy":"post_tag","embeddable":true,"href":"https:\/\/clubathletique-saintgirons.fr\/index.php?rest_route=%2Fwp%2Fv2%2Ftags&post=98"}],"curies":[{"name":"wp","href":"https:\/\/api.w.org\/{rel}","templated":true}]}}